{"id":894,"date":"2024-11-13T08:12:49","date_gmt":"2024-11-13T06:12:49","guid":{"rendered":"https:\/\/www.bibliotecaradio.ro\/?p=894"},"modified":"2024-11-13T08:13:53","modified_gmt":"2024-11-13T06:13:53","slug":"emil-isac-muzeul-din-biblioteca","status":"publish","type":"post","link":"https:\/\/www.bibliotecaradio.ro\/?p=894","title":{"rendered":"Emil Isac \u2013 muzeul din bibliotec\u0103"},"content":{"rendered":"\n<div class=\"wp-block-media-text is-stacked-on-mobile is-vertically-aligned-top\" style=\"grid-template-columns:42% auto\"><figure class=\"wp-block-media-text__media\"><img loading=\"lazy\" decoding=\"async\" width=\"1608\" height=\"1084\" src=\"https:\/\/www.bibliotecaradio.ro\/wp-content\/uploads\/2024\/11\/Emil-Isac-la-birou-2.jpg\" alt=\"\" class=\"wp-image-897 size-full\"\/><\/figure><div class=\"wp-block-media-text__content\">\n<div class=\"wp-block-group is-vertical is-layout-flex wp-container-core-group-is-layout-8cf370e7 wp-block-group-is-layout-flex\">\n<p class=\"has-text-align-left\"><strong><em>Emil Isac <\/em><\/strong>este cunoscut ca primul poet modernist din Transilvania, publicist, profesor universitar la \u0218coala de Arte Frumoase din Cluj \u0219i Inspector al Teatrelor din Transilvania \u0219i Banat. \u00cen anul 1955, \u00een casa \u00een care a locuit \u00een centrul Clujului, a fost deschis\u0103 Casa Memorial\u0103 care \u00eei purta numele. Din 2001 obiectele muzeale au intrat \u00een patrimoniul Bibliotecii Jude\u021bene \u201eOctavian Goga\u201d din Cluj, care a organizat documentele \u00een Fondul Emil Isac. Fondul con\u021bine c\u0103r\u021bi, periodice, documente de arhiv\u0103, tablouri, dar \u0219i mobilier \u0219i obiecte de uz personal.<\/p>\n\n\n\n<p class=\"has-text-align-left\">Biblioteca Jude\u021bean\u0103 \u201eOctavian Goga\u201d Cluj a implementat proiectul cultural <em>Emil Isac \u2013 muzeul din bibliotec\u0103,<\/em> co-finan\u021bat de Administra\u021bia Fondului Cultural Na\u021bional (AFCN). Scopul proiectului a fost de a valorifica \u0219i promova colec\u021bia de documente, piesele de mobilier \u0219i obiectele de uz personal, care i-au apar\u021binut lui Emil Isac. V\u0103 invit\u0103m s\u0103 descoperi\u021bi istoria \u201emuzeului din bibliotec\u0103\u201d!<\/p>\n<\/div>\n\n\n\n<figure class=\"wp-block-image size-full is-resized\"><img loading=\"lazy\" decoding=\"async\" width=\"889\" height=\"889\" src=\"https:\/\/www.bibliotecaradio.ro\/wp-content\/uploads\/2024\/11\/Logo-Proiecte-Color-CMYK.jpg\" alt=\"\" class=\"wp-image-899\" style=\"width:156px;height:auto\"\/><\/figure>\n\n\n\n<p class=\"has-small-font-size\"><em>Proiectul nu reprezint\u0103 \u00een mod necesar pozi\u021bia Administra\u021biei Fondului Cultural Na\u021bional. AFCN nu este responsabil\u0103 de con\u021binutul proiectului sau de modul \u00een care rezultatele proiectului pot fi folosite. Acestea sunt \u00een \u00eentregime responsabilitatea beneficiarului finan\u021b\u0103rii.<\/em><\/p>\n\n\n\n<p>Prezint\u0103: <em>Robert Fabian<\/em><\/p>\n<\/div><\/div>\n\n\n\n<figure class=\"wp-block-audio\"><audio controls src=\"https:\/\/www.bibliotecaradio.ro\/wp-content\/uploads\/2024\/11\/Emil-Isac-muzeul-din-biblioteca.mp3\"><\/audio><\/figure>\n<div class=\"likebtn_container\" style=\"\"><!-- LikeBtn.com BEGIN --><span class=\"likebtn-wrapper\"  data-identifier=\"post_894\"  data-style=\"\"  data-unlike_allowed=\"\"  data-show_copyright=\"\"  data-item_url=\"https:\/\/www.bibliotecaradio.ro\/?p=894\"  data-item_title=\"Emil Isac \u2013 muzeul din bibliotec\u0103\"  data-item_date=\"2024-11-13T08:12:49+02:00\"  data-engine=\"WordPress\"  data-plugin_v=\"2.6.59\"  data-event_handler=\"likebtn_eh\"  data-info_message=\"0\" ><\/span><!-- LikeBtn.com END --><\/div>","protected":false},"excerpt":{"rendered":"<div class=\"likebtn_container\" style=\"\"><!-- LikeBtn.com BEGIN --><span class=\"likebtn-wrapper\"  data-identifier=\"post_894\"  data-style=\"\"  data-unlike_allowed=\"\"  data-show_copyright=\"\"  data-item_url=\"https:\/\/www.bibliotecaradio.ro\/?p=894\"  data-item_title=\"Emil Isac \u2013 muzeul din bibliotec\u0103\"  data-item_date=\"2024-11-13T08:12:49+02:00\"  data-engine=\"WordPress\"  data-plugin_v=\"2.6.59\"  data-event_handler=\"likebtn_eh\"  data-info_message=\"0\" ><\/span><!-- LikeBtn.com END --><\/div>","protected":false},"author":2,"featured_media":0,"comment_status":"closed","ping_status":"open","sticky":false,"template":"","format":"standard","meta":{"footnotes":""},"categories":[5,156],"tags":[79,176,88],"class_list":["post-894","post","type-post","status-publish","format-standard","hentry","category-emisiuni","category-noutati","tag-emil-isac","tag-muzeul-din-biblioteca","tag-robert-fabian-2"],"_links":{"self":[{"href":"https:\/\/www.bibliotecaradio.ro\/index.php?rest_route=\/wp\/v2\/posts\/894","targetHints":{"allow":["GET"]}}],"collection":[{"href":"https:\/\/www.bibliotecaradio.ro\/index.php?rest_route=\/wp\/v2\/posts"}],"about":[{"href":"https:\/\/www.bibliotecaradio.ro\/index.php?rest_route=\/wp\/v2\/types\/post"}],"author":[{"embeddable":true,"href":"https:\/\/www.bibliotecaradio.ro\/index.php?rest_route=\/wp\/v2\/users\/2"}],"replies":[{"embeddable":true,"href":"https:\/\/www.bibliotecaradio.ro\/index.php?rest_route=%2Fwp%2Fv2%2Fcomments&post=894"}],"version-history":[{"count":2,"href":"https:\/\/www.bibliotecaradio.ro\/index.php?rest_route=\/wp\/v2\/posts\/894\/revisions"}],"predecessor-version":[{"id":902,"href":"https:\/\/www.bibliotecaradio.ro\/index.php?rest_route=\/wp\/v2\/posts\/894\/revisions\/902"}],"wp:attachment":[{"href":"https:\/\/www.bibliotecaradio.ro\/index.php?rest_route=%2Fwp%2Fv2%2Fmedia&parent=894"}],"wp:term":[{"taxonomy":"category","embeddable":true,"href":"https:\/\/www.bibliotecaradio.ro\/index.php?rest_route=%2Fwp%2Fv2%2Fcategories&post=894"},{"taxonomy":"post_tag","embeddable":true,"href":"https:\/\/www.bibliotecaradio.ro\/index.php?rest_route=%2Fwp%2Fv2%2Ftags&post=894"}],"curies":[{"name":"wp","href":"https:\/\/api.w.org\/{rel}","templated":true}]}}