{"id":863,"date":"2024-07-24T11:17:28","date_gmt":"2024-07-24T09:17:28","guid":{"rendered":"https:\/\/www.bibliotecaradio.ro\/?p=863"},"modified":"2024-07-24T11:17:29","modified_gmt":"2024-07-24T09:17:29","slug":"personalitati-clujene-2","status":"publish","type":"post","link":"https:\/\/www.bibliotecaradio.ro\/?p=863","title":{"rendered":"Personalit\u0103\u021bi clujene"},"content":{"rendered":"\n<div class=\"wp-block-media-text alignwide is-stacked-on-mobile\" style=\"grid-template-columns:23% auto\"><figure class=\"wp-block-media-text__media\"><img loading=\"lazy\" decoding=\"async\" width=\"452\" height=\"572\" src=\"https:\/\/www.bibliotecaradio.ro\/wp-content\/uploads\/2024\/07\/IEmP.jpg\" alt=\"\" class=\"wp-image-864 size-full\"\/><\/figure><div class=\"wp-block-media-text__content\">\n<p class=\"has-text-align-center has-normal-font-size\"><em>I<strong>oana Em. Petrescu (1941 \u2013 1990) <\/strong><\/em><\/p>\n\n\n\n<p class=\"has-text-align-left has-normal-font-size\">Ioana Em. Petrescu (1941 \u2013 1990) a fost critic, istoric \u0219i teoretician literar, fiica criticului literar Dumitru Popovici, profesoar\u0103 la Facultatea de Filologie a Universit\u0103\u021bii Babe\u0219-Bolyai. S-a n\u0103scut \u00een decembrie 1941 la Sibiu, unde p\u0103rin\u0163ii s\u0103i se aflau \u00een refugiu, odat\u0103 cu retragerea Universit\u0103\u0163ii ,,Regele Ferdinand\u201d din Cluj. Calc\u0103 pe urmele tat\u0103lui s\u0103u, \u00eenscriindu-se la facultatea unde acesta fusese profesor, dar \u0219i cu dorin\u021ba de a continua munca acestuia. Drept urmare, realizeaz\u0103 o edi\u021bie complet\u0103 a lucr\u0103rilor lui D. Popovici, preg\u0103tindu-se, \u00een felul acesta, pentru propriile sale c\u0103r\u021bi. Des\u0103v\u00e2r\u0219irea academic\u0103 are loc prin \u00eenscrierea la doctorat, \u00een 1969 \u0219i, fire\u0219te printr-o tez\u0103 str\u0103lucit\u0103, sub conducerea profesorului Iosif Pervain. Este cunoscut\u0103 ca unul dintre marii speciali\u0219ti \u00een lirica eminescian\u0103, fiind deseori comparat\u0103 cu Zoe Dumitrescu-Bu\u0219ulenga.<\/p>\n\n\n\n<p>Realizator: <strong>Ioan Tomoiag\u0103<\/strong><\/p>\n<\/div><\/div>\n\n\n\n<figure class=\"wp-block-audio\"><audio controls src=\"https:\/\/www.bibliotecaradio.ro\/wp-content\/uploads\/2024\/07\/I_Em_Petrescu.mp3\"><\/audio><\/figure>\n<div class=\"likebtn_container\" style=\"\"><!-- LikeBtn.com BEGIN --><span class=\"likebtn-wrapper\"  data-identifier=\"post_863\"  data-style=\"\"  data-unlike_allowed=\"\"  data-show_copyright=\"\"  data-item_url=\"https:\/\/www.bibliotecaradio.ro\/?p=863\"  data-item_title=\"Personalit\u0103\u021bi clujene\"  data-item_date=\"2024-07-24T11:17:28+02:00\"  data-engine=\"WordPress\"  data-plugin_v=\"2.6.59\"  data-event_handler=\"likebtn_eh\"  data-info_message=\"0\" ><\/span><!-- LikeBtn.com END --><\/div>","protected":false},"excerpt":{"rendered":"<p>Ioana Em. Petrescu (1941 \u2013 1990) Ioana Em. Petrescu (1941 \u2013 1990) a fost critic, istoric \u0219i teoretician literar, fiica criticului literar Dumitru Popovici, profesoar\u0103 la Facultatea de Filologie a<a href=\"https:\/\/www.bibliotecaradio.ro\/?p=863\" class=\"more-link\"><span class=\"readmore\">Continue reading<span class=\"screen-reader-text\">Personalit\u0103\u021bi clujene<\/span><\/span><\/a><\/p>\n<div class=\"likebtn_container\" style=\"\"><!-- LikeBtn.com BEGIN --><span class=\"likebtn-wrapper\"  data-identifier=\"post_863\"  data-style=\"\"  data-unlike_allowed=\"\"  data-show_copyright=\"\"  data-item_url=\"https:\/\/www.bibliotecaradio.ro\/?p=863\"  data-item_title=\"Personalit\u0103\u021bi clujene\"  data-item_date=\"2024-07-24T11:17:28+02:00\"  data-engine=\"WordPress\"  data-plugin_v=\"2.6.59\"  data-event_handler=\"likebtn_eh\"  data-info_message=\"0\" ><\/span><!-- LikeBtn.com END --><\/div>","protected":false},"author":2,"featured_media":0,"comment_status":"closed","ping_status":"open","sticky":false,"template":"","format":"standard","meta":{"footnotes":""},"categories":[5],"tags":[155,154,152,153,151],"class_list":["post-863","post","type-post","status-publish","format-standard","hentry","category-emisiuni","tag-babes-bolyai","tag-facultatea-de-filologie","tag-ioan-tomoiaga","tag-ioana-em-petrescu","tag-personalitati-clujene"],"_links":{"self":[{"href":"https:\/\/www.bibliotecaradio.ro\/index.php?rest_route=\/wp\/v2\/posts\/863","targetHints":{"allow":["GET"]}}],"collection":[{"href":"https:\/\/www.bibliotecaradio.ro\/index.php?rest_route=\/wp\/v2\/posts"}],"about":[{"href":"https:\/\/www.bibliotecaradio.ro\/index.php?rest_route=\/wp\/v2\/types\/post"}],"author":[{"embeddable":true,"href":"https:\/\/www.bibliotecaradio.ro\/index.php?rest_route=\/wp\/v2\/users\/2"}],"replies":[{"embeddable":true,"href":"https:\/\/www.bibliotecaradio.ro\/index.php?rest_route=%2Fwp%2Fv2%2Fcomments&post=863"}],"version-history":[{"count":1,"href":"https:\/\/www.bibliotecaradio.ro\/index.php?rest_route=\/wp\/v2\/posts\/863\/revisions"}],"predecessor-version":[{"id":866,"href":"https:\/\/www.bibliotecaradio.ro\/index.php?rest_route=\/wp\/v2\/posts\/863\/revisions\/866"}],"wp:attachment":[{"href":"https:\/\/www.bibliotecaradio.ro\/index.php?rest_route=%2Fwp%2Fv2%2Fmedia&parent=863"}],"wp:term":[{"taxonomy":"category","embeddable":true,"href":"https:\/\/www.bibliotecaradio.ro\/index.php?rest_route=%2Fwp%2Fv2%2Fcategories&post=863"},{"taxonomy":"post_tag","embeddable":true,"href":"https:\/\/www.bibliotecaradio.ro\/index.php?rest_route=%2Fwp%2Fv2%2Ftags&post=863"}],"curies":[{"name":"wp","href":"https:\/\/api.w.org\/{rel}","templated":true}]}}