{"id":834,"date":"2024-05-20T08:57:12","date_gmt":"2024-05-20T06:57:12","guid":{"rendered":"https:\/\/www.bibliotecaradio.ro\/?p=834"},"modified":"2024-05-20T08:57:12","modified_gmt":"2024-05-20T06:57:12","slug":"cartea-saptamanii-2","status":"publish","type":"post","link":"https:\/\/www.bibliotecaradio.ro\/?p=834","title":{"rendered":"Cartea s\u0103pt\u0103m\u00e2nii"},"content":{"rendered":"\n<div class=\"wp-block-media-text alignwide is-stacked-on-mobile\" style=\"grid-template-columns:24% auto\"><figure class=\"wp-block-media-text__media\"><img loading=\"lazy\" decoding=\"async\" width=\"600\" height=\"924\" src=\"https:\/\/www.bibliotecaradio.ro\/wp-content\/uploads\/2024\/05\/Din-Liverpool.jpg\" alt=\"\" class=\"wp-image-835 size-full\"\/><\/figure><div class=\"wp-block-media-text__content\">\n<p><strong><em>Din Liverpool \u00een Carpa\u021bi<\/em><\/strong>, de Arabella McIntyre-Brown <\/p>\n\n\n\n<p><em>\u201e&#8230; prima \u00eentrebare pe care mi-o pun rom\u00e2nii este De ce te-ai mutat aici?. A doua este \u00ce\u021bi place?, urmat\u0103 de P\u0103i \u0219i cum, r\u0103m\u00e2i aici?. R\u0103spunsul la prima \u00eentrebare este complicat; la cea de-a doua este chiar simplu, iar la cea de-a treia, \u00eenc\u0103 \u0219i mai simplu: sunt fericit\u0103. Mi-am g\u0103sit Itaca \u0219i nu mai vreau s-o p\u0103r\u0103sesc<\/em>.\u201d<\/p>\n\n\n\n<p>Realizator: <strong>Nadia Doja<\/strong><\/p>\n<\/div><\/div>\n\n\n\n<figure class=\"wp-block-audio\"><audio controls src=\"https:\/\/www.bibliotecaradio.ro\/wp-content\/uploads\/2024\/05\/Nadia_16_04_2024.mp3\"><\/audio><\/figure>\n<div class=\"likebtn_container\" style=\"\"><!-- LikeBtn.com BEGIN --><span class=\"likebtn-wrapper\"  data-identifier=\"post_834\"  data-style=\"\"  data-unlike_allowed=\"\"  data-show_copyright=\"\"  data-item_url=\"https:\/\/www.bibliotecaradio.ro\/?p=834\"  data-item_title=\"Cartea s\u0103pt\u0103m\u00e2nii\"  data-item_date=\"2024-05-20T08:57:12+02:00\"  data-engine=\"WordPress\"  data-plugin_v=\"2.6.59\"  data-event_handler=\"likebtn_eh\"  data-info_message=\"0\" ><\/span><!-- LikeBtn.com END --><\/div>","protected":false},"excerpt":{"rendered":"<p>Din Liverpool \u00een Carpa\u021bi, de Arabella McIntyre-Brown \u201e&#8230; prima \u00eentrebare pe care mi-o pun rom\u00e2nii este De ce te-ai mutat aici?. A doua este \u00ce\u021bi place?, urmat\u0103 de P\u0103i \u0219i<a href=\"https:\/\/www.bibliotecaradio.ro\/?p=834\" class=\"more-link\"><span class=\"readmore\">Continue reading<span class=\"screen-reader-text\">Cartea s\u0103pt\u0103m\u00e2nii<\/span><\/span><\/a><\/p>\n<div class=\"likebtn_container\" style=\"\"><!-- LikeBtn.com BEGIN --><span class=\"likebtn-wrapper\"  data-identifier=\"post_834\"  data-style=\"\"  data-unlike_allowed=\"\"  data-show_copyright=\"\"  data-item_url=\"https:\/\/www.bibliotecaradio.ro\/?p=834\"  data-item_title=\"Cartea s\u0103pt\u0103m\u00e2nii\"  data-item_date=\"2024-05-20T08:57:12+02:00\"  data-engine=\"WordPress\"  data-plugin_v=\"2.6.59\"  data-event_handler=\"likebtn_eh\"  data-info_message=\"0\" ><\/span><!-- LikeBtn.com END --><\/div>","protected":false},"author":2,"featured_media":0,"comment_status":"closed","ping_status":"open","sticky":false,"template":"","format":"standard","meta":{"footnotes":""},"categories":[4],"tags":[147,127],"class_list":["post-834","post","type-post","status-publish","format-standard","hentry","category-recomandari-de-lectura","tag-arabella-mcintyre-brown","tag-nadia-doja"],"_links":{"self":[{"href":"https:\/\/www.bibliotecaradio.ro\/index.php?rest_route=\/wp\/v2\/posts\/834","targetHints":{"allow":["GET"]}}],"collection":[{"href":"https:\/\/www.bibliotecaradio.ro\/index.php?rest_route=\/wp\/v2\/posts"}],"about":[{"href":"https:\/\/www.bibliotecaradio.ro\/index.php?rest_route=\/wp\/v2\/types\/post"}],"author":[{"embeddable":true,"href":"https:\/\/www.bibliotecaradio.ro\/index.php?rest_route=\/wp\/v2\/users\/2"}],"replies":[{"embeddable":true,"href":"https:\/\/www.bibliotecaradio.ro\/index.php?rest_route=%2Fwp%2Fv2%2Fcomments&post=834"}],"version-history":[{"count":1,"href":"https:\/\/www.bibliotecaradio.ro\/index.php?rest_route=\/wp\/v2\/posts\/834\/revisions"}],"predecessor-version":[{"id":838,"href":"https:\/\/www.bibliotecaradio.ro\/index.php?rest_route=\/wp\/v2\/posts\/834\/revisions\/838"}],"wp:attachment":[{"href":"https:\/\/www.bibliotecaradio.ro\/index.php?rest_route=%2Fwp%2Fv2%2Fmedia&parent=834"}],"wp:term":[{"taxonomy":"category","embeddable":true,"href":"https:\/\/www.bibliotecaradio.ro\/index.php?rest_route=%2Fwp%2Fv2%2Fcategories&post=834"},{"taxonomy":"post_tag","embeddable":true,"href":"https:\/\/www.bibliotecaradio.ro\/index.php?rest_route=%2Fwp%2Fv2%2Ftags&post=834"}],"curies":[{"name":"wp","href":"https:\/\/api.w.org\/{rel}","templated":true}]}}