{"id":672,"date":"2022-09-22T08:32:39","date_gmt":"2022-09-22T06:32:39","guid":{"rendered":"https:\/\/www.bibliotecaradio.ro\/?p=672"},"modified":"2022-09-22T08:32:39","modified_gmt":"2022-09-22T06:32:39","slug":"despre-timpul-razboaielor-carti-postale-din-vremea-razboiului-cel-mare","status":"publish","type":"post","link":"https:\/\/www.bibliotecaradio.ro\/?p=672","title":{"rendered":"Despre timpul r\u0103zboaielor. C\u0103r\u021bi po\u0219tale din vremea   R\u0103zboiului cel Mare"},"content":{"rendered":"\n<div class=\"wp-block-media-text alignwide is-stacked-on-mobile\" style=\"grid-template-columns:26% auto\"><figure class=\"wp-block-media-text__media\"><img loading=\"lazy\" decoding=\"async\" width=\"1377\" height=\"2185\" src=\"https:\/\/www.bibliotecaradio.ro\/wp-content\/uploads\/2022\/09\/carte-postala-Isac.jpg\" alt=\"\" class=\"wp-image-673 size-full\" \/><\/figure><div class=\"wp-block-media-text__content\">\n<p class=\"has-text-align-left has-normal-font-size\">O imagine \u00eeng\u0103lbenit\u0103 de trecerea timpului, care ilustreaz\u0103 un peisaj de munte. \u00cen prim-plan se remarc\u0103 un soldat, c\u0103lare. O carte po\u0219tal\u0103, ca oricare alta, adresat\u0103 de un prieten soldat t\u00e2n\u0103rului avocat clujean Aurel Isac, fratele poetului Emil Isac. Acest document devine special \u00een momentul \u00een care vedem locul \u0219i data expedierii: 9 noiembrie 1914, Sarajevo, din primele luni ale Primului R\u0103zboi Mondial. O vedere aparent banal\u0103, dar care promite s\u0103 ne dezv\u0103luie o poveste aparte dac\u0103 dorim s\u0103 o descoperim.<br><br>Prezint\u0103\u00a0:\u00a0<strong>Robert\u00a0Fabian<\/strong><\/p>\n<\/div><\/div>\n\n\n\n<figure class=\"wp-block-audio\"><audio controls src=\"https:\/\/www.bibliotecaradio.ro\/wp-content\/uploads\/2022\/09\/RobertFabian-CS2.mp3\"><\/audio><\/figure>\n<div class=\"likebtn_container\" style=\"\"><!-- LikeBtn.com BEGIN --><span class=\"likebtn-wrapper\"  data-identifier=\"post_672\"  data-style=\"\"  data-unlike_allowed=\"\"  data-show_copyright=\"\"  data-item_url=\"https:\/\/www.bibliotecaradio.ro\/?p=672\"  data-item_title=\"Despre timpul r\u0103zboaielor. C\u0103r\u021bi po\u0219tale din vremea R\u0103zboiului cel Mare\"  data-item_date=\"2022-09-22T08:32:39+02:00\"  data-engine=\"WordPress\"  data-plugin_v=\"2.6.59\"  data-event_handler=\"likebtn_eh\"  data-info_message=\"0\" ><\/span><!-- LikeBtn.com END --><\/div>","protected":false},"excerpt":{"rendered":"<p>O imagine \u00eeng\u0103lbenit\u0103 de trecerea timpului, care ilustreaz\u0103 un peisaj de munte. \u00cen prim-plan se remarc\u0103 un soldat, c\u0103lare. O carte po\u0219tal\u0103, ca oricare alta, adresat\u0103 de un prieten soldat<a href=\"https:\/\/www.bibliotecaradio.ro\/?p=672\" class=\"more-link\"><span class=\"readmore\">Continue reading<span class=\"screen-reader-text\">Despre timpul r\u0103zboaielor. C\u0103r\u021bi po\u0219tale din vremea   R\u0103zboiului cel Mare<\/span><\/span><\/a><\/p>\n<div class=\"likebtn_container\" style=\"\"><!-- LikeBtn.com BEGIN --><span class=\"likebtn-wrapper\"  data-identifier=\"post_672\"  data-style=\"\"  data-unlike_allowed=\"\"  data-show_copyright=\"\"  data-item_url=\"https:\/\/www.bibliotecaradio.ro\/?p=672\"  data-item_title=\"Despre timpul r\u0103zboaielor. C\u0103r\u021bi po\u0219tale din vremea R\u0103zboiului cel Mare\"  data-item_date=\"2022-09-22T08:32:39+02:00\"  data-engine=\"WordPress\"  data-plugin_v=\"2.6.59\"  data-event_handler=\"likebtn_eh\"  data-info_message=\"0\" ><\/span><!-- LikeBtn.com END --><\/div>","protected":false},"author":2,"featured_media":0,"comment_status":"open","ping_status":"open","sticky":false,"template":"","format":"standard","meta":{"footnotes":""},"categories":[5],"tags":[79,80,81,82],"class_list":["post-672","post","type-post","status-publish","format-standard","hentry","category-emisiuni","tag-emil-isac","tag-primul-razboi-mondial","tag-robert-fabian","tag-sectia-colectii-speciale"],"_links":{"self":[{"href":"https:\/\/www.bibliotecaradio.ro\/index.php?rest_route=\/wp\/v2\/posts\/672","targetHints":{"allow":["GET"]}}],"collection":[{"href":"https:\/\/www.bibliotecaradio.ro\/index.php?rest_route=\/wp\/v2\/posts"}],"about":[{"href":"https:\/\/www.bibliotecaradio.ro\/index.php?rest_route=\/wp\/v2\/types\/post"}],"author":[{"embeddable":true,"href":"https:\/\/www.bibliotecaradio.ro\/index.php?rest_route=\/wp\/v2\/users\/2"}],"replies":[{"embeddable":true,"href":"https:\/\/www.bibliotecaradio.ro\/index.php?rest_route=%2Fwp%2Fv2%2Fcomments&post=672"}],"version-history":[{"count":1,"href":"https:\/\/www.bibliotecaradio.ro\/index.php?rest_route=\/wp\/v2\/posts\/672\/revisions"}],"predecessor-version":[{"id":675,"href":"https:\/\/www.bibliotecaradio.ro\/index.php?rest_route=\/wp\/v2\/posts\/672\/revisions\/675"}],"wp:attachment":[{"href":"https:\/\/www.bibliotecaradio.ro\/index.php?rest_route=%2Fwp%2Fv2%2Fmedia&parent=672"}],"wp:term":[{"taxonomy":"category","embeddable":true,"href":"https:\/\/www.bibliotecaradio.ro\/index.php?rest_route=%2Fwp%2Fv2%2Fcategories&post=672"},{"taxonomy":"post_tag","embeddable":true,"href":"https:\/\/www.bibliotecaradio.ro\/index.php?rest_route=%2Fwp%2Fv2%2Ftags&post=672"}],"curies":[{"name":"wp","href":"https:\/\/api.w.org\/{rel}","templated":true}]}}