{"id":665,"date":"2022-09-19T11:21:59","date_gmt":"2022-09-19T09:21:59","guid":{"rendered":"https:\/\/www.bibliotecaradio.ro\/?p=665"},"modified":"2023-03-02T15:24:02","modified_gmt":"2023-03-02T13:24:02","slug":"barbatul-din-spatele-cetii","status":"publish","type":"post","link":"https:\/\/www.bibliotecaradio.ro\/?p=665","title":{"rendered":"B\u0103rbatul din spatele ce\u021bii"},"content":{"rendered":"\n<div class=\"wp-block-media-text alignwide is-stacked-on-mobile\" style=\"grid-template-columns:20% auto\"><figure class=\"wp-block-media-text__media\"><img loading=\"lazy\" decoding=\"async\" width=\"655\" height=\"1000\" src=\"https:\/\/www.bibliotecaradio.ro\/wp-content\/uploads\/2022\/09\/barbatul-din-spatele-cetii.jpg\" alt=\"\" class=\"wp-image-666 size-full\"\/><\/figure><div class=\"wp-block-media-text__content\">\n<p>Dup\u0103 ce public\u0103 \u00een 201<em>7 Misterul ma\u0219inu\u021belor chineze\u0219ti<\/em>, un volum foarte personal, cu miros de nostalgie \u0219i triste\u021be, care con\u021binea 40 de proze scurte despre copil\u0103rie \u0219i adolescen\u021b\u0103, despre felul \u00een care naratorul cre\u0219te \u0219i se maturizeaz\u0103, spus din perspectiva b\u0103rbatului ajuns la v\u00e2rsta de 40 de ani, Florin Irimia revine cu un nou volum de povestiri.<\/p>\n\n\n\n<p><em><strong>B\u0103rbatul din spatele ce\u021bii, <\/strong><\/em>continu\u0103 atmosfera \u0219i starea din prima carte, dar copilul dispare aici, personajul principal se maturizeaz\u0103 \u0219i d\u0103 testele importante ale vie\u021bii.<\/p>\n\n\n\n<p> Cartea con\u021bine proze aparent independente, dar care pot fi citite \u0219i asamblate ca un roman. Un roman cu substrat autobiografic, dar \u0219i cu mult\u0103 fic\u021biune, precum spune autorul: \u201caproape toate povestirile pornesc de la un detaliu, o amintire, o \u00eent\u00e2mplare adev\u0103rat\u0103, dar niciuna nu sf\u00e2r\u0219e\u0219te \u00eenainte ca fic\u021biunea s\u0103-\u0219i fi b\u0103gat coada.\u201d<\/p>\n\n\n\n<p><a href=\"http:\/\/www.radiocluj.ro\/2022\/06\/26\/ce-mai-citim-recomandarea-bibliotecarului-12\/\">Mai<\/a><a href=\"http:\/\/www.radiocluj.ro\/2022\/09\/18\/ce-mai-citim-recomandarea-bibliotecarului-13\/\"> multe informa\u021bii<\/a><\/p>\n<\/div><\/div>\n\n\n\n<figure class=\"wp-block-audio\"><audio controls src=\"https:\/\/www.bibliotecaradio.ro\/wp-content\/uploads\/2022\/09\/RODICA-1709-Florin-Irimia.mp3\"><\/audio><figcaption><em>Material realizat \u00een parteneriat cu Radio Cluj<\/em><\/figcaption><\/figure>\n<div class=\"likebtn_container\" style=\"\"><!-- LikeBtn.com BEGIN --><span class=\"likebtn-wrapper\"  data-identifier=\"post_665\"  data-style=\"\"  data-unlike_allowed=\"\"  data-show_copyright=\"\"  data-item_url=\"https:\/\/www.bibliotecaradio.ro\/?p=665\"  data-item_title=\"B\u0103rbatul din spatele ce\u021bii\"  data-item_date=\"2022-09-19T11:21:59+02:00\"  data-engine=\"WordPress\"  data-plugin_v=\"2.6.59\"  data-event_handler=\"likebtn_eh\"  data-info_message=\"0\" ><\/span><!-- LikeBtn.com END --><\/div>","protected":false},"excerpt":{"rendered":"<p>Dup\u0103 ce public\u0103 \u00een 2017 Misterul ma\u0219inu\u021belor chineze\u0219ti, un volum foarte personal, cu miros de nostalgie \u0219i triste\u021be, care con\u021binea 40 de proze scurte despre copil\u0103rie \u0219i adolescen\u021b\u0103, despre felul<a href=\"https:\/\/www.bibliotecaradio.ro\/?p=665\" class=\"more-link\"><span class=\"readmore\">Continue reading<span class=\"screen-reader-text\">B\u0103rbatul din spatele ce\u021bii<\/span><\/span><\/a><\/p>\n<div class=\"likebtn_container\" style=\"\"><!-- LikeBtn.com BEGIN --><span class=\"likebtn-wrapper\"  data-identifier=\"post_665\"  data-style=\"\"  data-unlike_allowed=\"\"  data-show_copyright=\"\"  data-item_url=\"https:\/\/www.bibliotecaradio.ro\/?p=665\"  data-item_title=\"B\u0103rbatul din spatele ce\u021bii\"  data-item_date=\"2022-09-19T11:21:59+02:00\"  data-engine=\"WordPress\"  data-plugin_v=\"2.6.59\"  data-event_handler=\"likebtn_eh\"  data-info_message=\"0\" ><\/span><!-- LikeBtn.com END --><\/div>","protected":false},"author":1,"featured_media":0,"comment_status":"closed","ping_status":"closed","sticky":false,"template":"","format":"standard","meta":{"footnotes":""},"categories":[4],"tags":[78,77],"class_list":["post-665","post","type-post","status-publish","format-standard","hentry","category-recomandari-de-lectura","tag-barbatul-din-spatele-cetii","tag-florin-irimia"],"_links":{"self":[{"href":"https:\/\/www.bibliotecaradio.ro\/index.php?rest_route=\/wp\/v2\/posts\/665","targetHints":{"allow":["GET"]}}],"collection":[{"href":"https:\/\/www.bibliotecaradio.ro\/index.php?rest_route=\/wp\/v2\/posts"}],"about":[{"href":"https:\/\/www.bibliotecaradio.ro\/index.php?rest_route=\/wp\/v2\/types\/post"}],"author":[{"embeddable":true,"href":"https:\/\/www.bibliotecaradio.ro\/index.php?rest_route=\/wp\/v2\/users\/1"}],"replies":[{"embeddable":true,"href":"https:\/\/www.bibliotecaradio.ro\/index.php?rest_route=%2Fwp%2Fv2%2Fcomments&post=665"}],"version-history":[{"count":3,"href":"https:\/\/www.bibliotecaradio.ro\/index.php?rest_route=\/wp\/v2\/posts\/665\/revisions"}],"predecessor-version":[{"id":671,"href":"https:\/\/www.bibliotecaradio.ro\/index.php?rest_route=\/wp\/v2\/posts\/665\/revisions\/671"}],"wp:attachment":[{"href":"https:\/\/www.bibliotecaradio.ro\/index.php?rest_route=%2Fwp%2Fv2%2Fmedia&parent=665"}],"wp:term":[{"taxonomy":"category","embeddable":true,"href":"https:\/\/www.bibliotecaradio.ro\/index.php?rest_route=%2Fwp%2Fv2%2Fcategories&post=665"},{"taxonomy":"post_tag","embeddable":true,"href":"https:\/\/www.bibliotecaradio.ro\/index.php?rest_route=%2Fwp%2Fv2%2Ftags&post=665"}],"curies":[{"name":"wp","href":"https:\/\/api.w.org\/{rel}","templated":true}]}}